{"id":16479,"date":"2018-04-04T16:06:15","date_gmt":"2018-04-04T14:06:15","guid":{"rendered":"https:\/\/webandgo.sk\/reklamny-plagat"},"modified":"2021-05-13T12:44:21","modified_gmt":"2021-05-13T10:44:21","slug":"reklam-plakat-magam-keszitsem-el-vagy-grafikusra-bizzam","status":"publish","type":"post","link":"https:\/\/webandgo.sk\/hu\/reklam-plakat-magam-keszitsem-el-vagy-grafikusra-bizzam","title":{"rendered":"Rekl\u00e1m plak\u00e1t: magam k\u00e9sz\u00edtsem el, vagy grafikusra b\u00edzzam?"},"content":{"rendered":"<p>[vc_row rt_row_background_width=&#8221;fullwidth&#8221; rt_row_content_width=&#8221;default&#8221; rt_row_style=&#8221;default-style&#8221; rt_row_height=&#8221;&#8221; rt_column_gaps=&#8221;&#8221; rt_row_shadows=&#8221;&#8221; rt_row_borders=&#8221;&#8221; rt_bg_effect=&#8221;classic&#8221; rt_bg_image_repeat=&#8221;repeat&#8221; rt_bg_size=&#8221;cover&#8221; rt_bg_position=&#8221;right top&#8221; rt_bg_attachment=&#8221;scroll&#8221; rt_bg_layer=&#8221;&#8221; rt_bg_video_format=&#8221;self-hosted&#8221;][vc_column rt_bg_effect=&#8221;classic&#8221; rt_bg_image_repeat=&#8221;repeat&#8221; rt_bg_size=&#8221;auto auto&#8221; rt_bg_position=&#8221;right top&#8221; rt_bg_attachment=&#8221;scroll&#8221;][vc_column_text]<em>N\u00e9ha el\u0151fordul, hogy s\u00fcrg\u0151sen k\u00e9sz\u00edteni kell egy plak\u00e1tot vagy sz\u00f3r\u00f3lapot. Nincs id\u0151d vagy k\u00f6lts\u00e9gvet\u00e9sed ahhoz, hogy gyorsan profi grafikai tervez\u0151t keress, de ugye nem akarsz posztert rajzolni a t\u00e9rdeden? Tibi grafikusunk egy \u00faj cikkben el\u00e1rul n\u00e9h\u00e1ny tippet arr\u00f3l, hogyan k\u00e9sz\u00edthetsz \u00f6n\u00e1ll\u00f3an eg\u00e9szen tisztess\u00e9ges rekl\u00e1mplak\u00e1tokat vagy sz\u00f3r\u00f3lapokat. Azonban figyelmeztet\u00e9sk\u00e9nt hozz\u00e1f\u0171zn\u00e9nk: ha egy reprezentat\u00edv rekl\u00e1mplak\u00e1tr\u00f3l vagy b\u00e1rmilyen komolyabb nyomtatott anyagr\u00f3l van sz\u00f3, akkor azt javasoljuk, vedd fel a kapcsolatot tapasztalt grafikussal. A c\u00e9g j\u00f3 h\u00edr\u00e9t k\u00e1r lenne elrontani felesleges amat\u0151r man\u0151verekkel&#8230;<\/em><\/p>\n<p>&#8222;L\u00e9tezik egy nagyon hasznos online eszk\u00f6z, amely seg\u00edt laikusoknak egyszer\u0171 rekl\u00e1mplak\u00e1tok elk\u00e9sz\u00edt\u00e9s\u00e9ben. Ezt a megold\u00e1st ink\u00e1bb \u201eotthoni\u201e\u00a0 haszn\u00e1latra aj\u00e1nlom, nem kereskedelmi c\u00e9lokra. Ilyen esetekben engem alkalmazzatok&#8230; \u201d- teszi hozz\u00e1 nevetve Tibi grafikusunk, \u00e9s megnyitja a www.designcap.com nev\u0171 programot. A program m\u00e9g a kezd\u0151k sz\u00e1m\u00e1ra is nagyon k\u00f6nnyen kezelhet\u0151, \u00e9s t\u00e9nyleg mindenki tud dolgozni benne.<\/p>\n<h2>REKL\u00c1M PLAK\u00c1TOT K\u00c9SZ\u00cdTEK<\/h2>\n<p>A DesignCap alkalmaz\u00e1sban el\u0151re elk\u00e9sz\u00edtett grafikai t\u00e9m\u00e1k k\u00f6z\u00fcl v\u00e1laszthatsz, vagy l\u00e9trehozhatod a saj\u00e1todat. Csak a fant\u00e1zi\u00e1dt\u00f3l szabhat hat\u00e1rokat. A t\u00e9ma kiv\u00e1laszt\u00e1sa ut\u00e1n megjelenik egy sablon, ahol t\u00f6bbf\u00e9le m\u00f3don &#8222;j\u00e1tszhatsz&#8221; a k\u00e9pekkel, szerkesztheted \u00e9s form\u00e1zhatod a posztert.[\/vc_column_text]\r\n\t\t\t<div class=\"rt-gallery clearfix  grid-gallery fixed_heights\"  >\r\n\t\t\t\t\t<div class=\"col col-sm-12 col-xs-12\">\r\n\t\t\t\t\t\t<div class=\"gallery-item-holder\">\r\n\t\t\t\t\t\t\t<a id=\"lightbox-220561\" class=\"imgeffect zoom rt_lightbox\" data-gal-id=\"\" data-rel=\"rt_lightbox\" title=\"Enlarge Image\" data-sub-html=\"reklamn\u00fd plagat v DesignCap.com\" data-src=\"\" data-width=\"\" data-height=\"\" data-poster=\"\" data-autoplay=\"\" data-audiotitle=\"\" data-download-url=\"false\" href=\"https:\/\/webandgo.sk\/wp-content\/uploads\/2018\/04\/plag.jpg\"><div class=\"image-thumbnail\"><img decoding=\"async\" src=\"https:\/\/webandgo.sk\/wp-content\/uploads\/2018\/04\/plag.jpg\" alt=\"reklamn\u00fd plagat v DesignCap.com\" srcset=\"https:\/\/webandgo.sk\/wp-content\/uploads\/2018\/04\/plag.jpg 1200w, https:\/\/webandgo.sk\/wp-content\/uploads\/2018\/04\/plag-600x337.jpg 600w, https:\/\/webandgo.sk\/wp-content\/uploads\/2018\/04\/plag-550x309.jpg 550w, https:\/\/webandgo.sk\/wp-content\/uploads\/2018\/04\/plag-300x169.jpg 300w, https:\/\/webandgo.sk\/wp-content\/uploads\/2018\/04\/plag-768x432.jpg 768w, https:\/\/webandgo.sk\/wp-content\/uploads\/2018\/04\/plag-1024x576.jpg 1024w\" sizes=\"https:\/\/webandgo.sk\/wp-content\/uploads\/2018\/04\/plag.jpg 1200w, https:\/\/webandgo.sk\/wp-content\/uploads\/2018\/04\/plag-600x337.jpg 600w, https:\/\/webandgo.sk\/wp-content\/uploads\/2018\/04\/plag-550x309.jpg 550w, https:\/\/webandgo.sk\/wp-content\/uploads\/2018\/04\/plag-300x169.jpg 300w, https:\/\/webandgo.sk\/wp-content\/uploads\/2018\/04\/plag-768x432.jpg 768w, https:\/\/webandgo.sk\/wp-content\/uploads\/2018\/04\/plag-1024x576.jpg 1024w\" width=\"1200\" height=\"675\"><\/div><\/a>\r\n\t\t\t\t\t\t<\/div>\r\n\t\t\t\t\t<\/div><\/div> \r\n\t\t[vc_column_text]<\/p>\n<h3>F\u00e9nyk\u00e9pek szerkeszt\u00e9se (Photo)<\/h3>\n<p>Dolgozhatsz saj\u00e1t fot\u00f3kkal, amelyeket hozz\u00e1adhatsz a &#8222;Fot\u00f3 hozz\u00e1ad\u00e1sa&#8221; gombra kattintva. Ezut\u00e1n kattints \u00fajra a f\u00e9nyk\u00e9pre, \u00e9s az sz\u00e9tter\u00fcl a kezd\u0151lapon. K\u00e9peket png form\u00e1tumban is felt\u00f6lthetsz, illetve k\u00fcl\u00f6nf\u00e9le vizu\u00e1lis effektusokkal \u00e9s sz\u0171r\u0151kkel szerkesztheted \u0151ket. A &#8222;Speci\u00e1lis be\u00e1ll\u00edt\u00e1sok&#8221;\/\u201eAdvanced Options\u201d men\u00fcpontban pedig lehet\u0151s\u00e9geket tal\u00e1lsz a kisebb k\u00e9pjav\u00edt\u00e1sokra.[\/vc_column_text]\r\n\t\t\t<div class=\"rt-gallery clearfix  grid-gallery fixed_heights\"  >\r\n\t\t\t\t\t<div class=\"col col-sm-12 col-xs-12\">\r\n\t\t\t\t\t\t<div class=\"gallery-item-holder\">\r\n\t\t\t\t\t\t\t<a id=\"lightbox-798674\" class=\"imgeffect zoom rt_lightbox\" data-gal-id=\"\" data-rel=\"rt_lightbox\" title=\"Enlarge Image\" data-sub-html=\"\u00faprava fotky v DesignCap.com\" data-src=\"\" data-width=\"\" data-height=\"\" data-poster=\"\" data-autoplay=\"\" data-audiotitle=\"\" data-download-url=\"false\" href=\"https:\/\/webandgo.sk\/wp-content\/uploads\/2018\/04\/Photo.jpg\"><div class=\"image-thumbnail\"><img decoding=\"async\" src=\"https:\/\/webandgo.sk\/wp-content\/uploads\/2018\/04\/Photo.jpg\" alt=\"\u00faprava fotky v DesignCap.com\" srcset=\"https:\/\/webandgo.sk\/wp-content\/uploads\/2018\/04\/Photo.jpg 1200w, https:\/\/webandgo.sk\/wp-content\/uploads\/2018\/04\/Photo-600x337.jpg 600w, https:\/\/webandgo.sk\/wp-content\/uploads\/2018\/04\/Photo-550x309.jpg 550w, https:\/\/webandgo.sk\/wp-content\/uploads\/2018\/04\/Photo-300x169.jpg 300w, https:\/\/webandgo.sk\/wp-content\/uploads\/2018\/04\/Photo-768x432.jpg 768w, https:\/\/webandgo.sk\/wp-content\/uploads\/2018\/04\/Photo-1024x576.jpg 1024w\" sizes=\"https:\/\/webandgo.sk\/wp-content\/uploads\/2018\/04\/Photo.jpg 1200w, https:\/\/webandgo.sk\/wp-content\/uploads\/2018\/04\/Photo-600x337.jpg 600w, https:\/\/webandgo.sk\/wp-content\/uploads\/2018\/04\/Photo-550x309.jpg 550w, https:\/\/webandgo.sk\/wp-content\/uploads\/2018\/04\/Photo-300x169.jpg 300w, https:\/\/webandgo.sk\/wp-content\/uploads\/2018\/04\/Photo-768x432.jpg 768w, https:\/\/webandgo.sk\/wp-content\/uploads\/2018\/04\/Photo-1024x576.jpg 1024w\" width=\"1200\" height=\"675\"><\/div><\/a>\r\n\t\t\t\t\t\t<\/div>\r\n\t\t\t\t\t<\/div><\/div> \r\n\t\t[vc_column_text]<\/p>\n<h3>Sz\u00f6veg form\u00e1z\u00e1sa (sz\u00f6veg)<\/h3>\n<p>A sz\u00f6vegek \u00e9s a bet\u0171t\u00edpusok adottak, \u00edgy \u00edzl\u00e9sednek \u00e9s ig\u00e9nyeidnek megfelel\u0151en v\u00e1logathatsz. Sz\u00ednek, bet\u0171t\u00edpus, m\u00e9ret, vastags\u00e1g vagy sz\u00edn\u00e1tmenet \u2013 mindent egy k\u00f6nnyen \u00e1tl\u00e1that\u00f3 men\u00fcben tal\u00e1lsz. Az &#8222;Effect&#8221; men\u00fcpont lehet\u0151v\u00e9 teszi m\u00e9g a bet\u0171t\u00edpus k\u00fcl\u00f6nb\u00f6z\u0151 \u00e1rny\u00e9kol\u00e1s\u00e1t, szeg\u00e9lyez\u00e9s\u00e9t vagy megvil\u00e1g\u00edt\u00e1s\u00e1t is.<\/p>\n<h3>Clipart<\/h3>\n<p>Itt k\u00fcl\u00f6nb\u00f6z\u0151 geometriai alakzatokat \u00e9s \u00f6sszetett grafikai elemeket tal\u00e1lsz, amelyekkel meghat\u00e1rozhatod a k\u00edv\u00e1nt sz\u00ednt, szeg\u00e9lyt, vastags\u00e1got vagy sz\u00edn\u00e1tmeneteket. Ha online szeretn\u00e9d n\u00e9pszer\u0171s\u00edteni poszteredet vagy sz\u00f3r\u00f3lapodat, az &#8222;Icon&#8221; elemben megtal\u00e1lod a k\u00f6z\u00f6ss\u00e9gi h\u00e1l\u00f3khoz sz\u00fcks\u00e9ges \u00f6sszes tov\u00e1bbi ikont.[\/vc_column_text]\r\n\t\t\t<div class=\"rt-gallery clearfix  grid-gallery fixed_heights\"  >\r\n\t\t\t\t\t<div class=\"col col-sm-12 col-xs-12\">\r\n\t\t\t\t\t\t<div class=\"gallery-item-holder\">\r\n\t\t\t\t\t\t\t<a id=\"lightbox-702503\" class=\"imgeffect zoom rt_lightbox\" data-gal-id=\"\" data-rel=\"rt_lightbox\" title=\"Enlarge Image\" data-sub-html=\"tvorba plag\u00e1tu v DesignCap.com\" data-src=\"\" data-width=\"\" data-height=\"\" data-poster=\"\" data-autoplay=\"\" data-audiotitle=\"\" data-download-url=\"false\" href=\"https:\/\/webandgo.sk\/wp-content\/uploads\/2018\/04\/Clipart.jpg\"><div class=\"image-thumbnail\"><img decoding=\"async\" src=\"https:\/\/webandgo.sk\/wp-content\/uploads\/2018\/04\/Clipart.jpg\" alt=\"tvorba plag\u00e1tu v DesignCap.com\" srcset=\"https:\/\/webandgo.sk\/wp-content\/uploads\/2018\/04\/Clipart.jpg 1200w, https:\/\/webandgo.sk\/wp-content\/uploads\/2018\/04\/Clipart-600x337.jpg 600w, https:\/\/webandgo.sk\/wp-content\/uploads\/2018\/04\/Clipart-550x309.jpg 550w, https:\/\/webandgo.sk\/wp-content\/uploads\/2018\/04\/Clipart-300x169.jpg 300w, https:\/\/webandgo.sk\/wp-content\/uploads\/2018\/04\/Clipart-768x432.jpg 768w, https:\/\/webandgo.sk\/wp-content\/uploads\/2018\/04\/Clipart-1024x576.jpg 1024w\" sizes=\"https:\/\/webandgo.sk\/wp-content\/uploads\/2018\/04\/Clipart.jpg 1200w, https:\/\/webandgo.sk\/wp-content\/uploads\/2018\/04\/Clipart-600x337.jpg 600w, https:\/\/webandgo.sk\/wp-content\/uploads\/2018\/04\/Clipart-550x309.jpg 550w, https:\/\/webandgo.sk\/wp-content\/uploads\/2018\/04\/Clipart-300x169.jpg 300w, https:\/\/webandgo.sk\/wp-content\/uploads\/2018\/04\/Clipart-768x432.jpg 768w, https:\/\/webandgo.sk\/wp-content\/uploads\/2018\/04\/Clipart-1024x576.jpg 1024w\" width=\"1200\" height=\"675\"><\/div><\/a>\r\n\t\t\t\t\t\t<\/div>\r\n\t\t\t\t\t<\/div><\/div> \r\n\t\t[vc_column_text]<\/p>\n<h3>H\u00e1tt\u00e9r (BackGround)<\/h3>\n<p>A plak\u00e1t h\u00e1tter\u00e9t kieg\u00e9sz\u00edtheted sz\u00ednekkel \u00e9s sz\u00edn\u00e1tmenetekkel. Ezeknek a h\u00e1ttereknek az a h\u00e1tr\u00e1nya, hogy nem szerkeszthet\u0151ek, illetve nem adhatod hozz\u00e1 a saj\u00e1t elemeidet (a f\u00e9nyk\u00e9peket \u00e9s k\u00e9peket lesz\u00e1m\u00edtva).<\/p>\n<p>Ne felejtsd mindig elmenteni munk\u00e1dat a kis Floppi ikon seg\u00edts\u00e9g\u00e9vel![\/vc_column_text]\r\n\t\t\t<div class=\"rt-gallery clearfix  grid-gallery fixed_heights\"  >\r\n\t\t\t\t\t<div class=\"col col-sm-12 col-xs-12\">\r\n\t\t\t\t\t\t<div class=\"gallery-item-holder\">\r\n\t\t\t\t\t\t\t<a id=\"lightbox-170455\" class=\"imgeffect zoom rt_lightbox\" data-gal-id=\"\" data-rel=\"rt_lightbox\" title=\"Enlarge Image\" data-sub-html=\"pr\u00edprava plag\u00e1tu v programe DesignCap.com\" data-src=\"\" data-width=\"\" data-height=\"\" data-poster=\"\" data-autoplay=\"\" data-audiotitle=\"\" data-download-url=\"false\" href=\"https:\/\/webandgo.sk\/wp-content\/uploads\/2018\/04\/BackGround_-save.jpg\"><div class=\"image-thumbnail\"><img decoding=\"async\" src=\"https:\/\/webandgo.sk\/wp-content\/uploads\/2018\/04\/BackGround_-save.jpg\" alt=\"pr\u00edprava plag\u00e1tu v programe DesignCap.com\" srcset=\"https:\/\/webandgo.sk\/wp-content\/uploads\/2018\/04\/BackGround_-save.jpg 1200w, https:\/\/webandgo.sk\/wp-content\/uploads\/2018\/04\/BackGround_-save-600x337.jpg 600w, https:\/\/webandgo.sk\/wp-content\/uploads\/2018\/04\/BackGround_-save-550x309.jpg 550w, https:\/\/webandgo.sk\/wp-content\/uploads\/2018\/04\/BackGround_-save-300x169.jpg 300w, https:\/\/webandgo.sk\/wp-content\/uploads\/2018\/04\/BackGround_-save-768x432.jpg 768w, https:\/\/webandgo.sk\/wp-content\/uploads\/2018\/04\/BackGround_-save-1024x576.jpg 1024w\" sizes=\"https:\/\/webandgo.sk\/wp-content\/uploads\/2018\/04\/BackGround_-save.jpg 1200w, https:\/\/webandgo.sk\/wp-content\/uploads\/2018\/04\/BackGround_-save-600x337.jpg 600w, https:\/\/webandgo.sk\/wp-content\/uploads\/2018\/04\/BackGround_-save-550x309.jpg 550w, https:\/\/webandgo.sk\/wp-content\/uploads\/2018\/04\/BackGround_-save-300x169.jpg 300w, https:\/\/webandgo.sk\/wp-content\/uploads\/2018\/04\/BackGround_-save-768x432.jpg 768w, https:\/\/webandgo.sk\/wp-content\/uploads\/2018\/04\/BackGround_-save-1024x576.jpg 1024w\" width=\"1200\" height=\"675\"><\/div><\/a>\r\n\t\t\t\t\t\t<\/div>\r\n\t\t\t\t\t<\/div><\/div> \r\n\t\t[vc_column_text]<\/p>\n<h3>A DesignCap el\u0151nyei<\/h3>\n<ul>\n<li>Egyszer\u0171 \u00e9s k\u00f6nny\u0171 platform a teljesen kezd\u0151k sz\u00e1m\u00e1ra is<\/li>\n<li>Hat\u00e9kony rendszer a t\u00e9m\u00e1k \u00e9s grafikai elemek kiv\u00e1laszt\u00e1s\u00e1hoz<\/li>\n<li>Sablonok, el\u0151re meghat\u00e1rozott sz\u00ednpalett\u00e1k \u00e9s ikonok sz\u00e9les v\u00e1laszt\u00e9ka<\/li>\n<\/ul>\n<h3>A DesignCap h\u00e1tr\u00e1nyai<\/h3>\n<ul>\n<li>Az egyes grafik\u00e1k el\u0151re meghat\u00e1rozott form\u00e1tumai \u00e9s m\u00e9retei<\/li>\n<li>A h\u00e1tt\u00e9r kiterjeszt\u00e9se \u00e9s m\u00f3dos\u00edt\u00e1sa nem megengedett<\/li>\n<li>Nem lehet bonyolultabb grafikai vizualiz\u00e1ci\u00f3kat k\u00e9sz\u00edteni<\/li>\n<\/ul>\n<p>K\u00e9sz\u00edtett\u00e9l egy posztert. Remek. De ugye ki is kell nyomtatni. Ha profi nyomtat\u00e1st szeretn\u00e9l, akkor kapcsolatba kell l\u00e9pned egy st\u00fadi\u00f3val vagy grafikussal, aki el\u0151k\u00e9sz\u00edti a posztert a v\u00e9gleges nyomtat\u00e1shoz.<\/p>\n<h4>MIKOR \u00dcGYN\u00d6KS\u00c9G K\u00c9SZ\u00cdTI A PLAK\u00c1TOT<\/h4>\n<p>Mit kell nek\u00fcnk k\u00fcldenie, hogy sikeres rekl\u00e1mplak\u00e1tot k\u00e9sz\u00edts\u00fcnk \u00d6nnek?<\/p>\n<p>Ha m\u00e9gis \u00fagy d\u00f6ntesz, hogy a poszter gy\u00e1rt\u00e1s\u00e1t ink\u00e1bb profikra b\u00edzod, pontosabban Tibi grafikusunkra, abban az esetben a k\u00f6vetkez\u0151 inform\u00e1ci\u00f3kra lesz sz\u00fcks\u00e9g\u00fcnk:<\/p>\n<p>1.) A rekl\u00e1mplak\u00e1t f\u0151 t\u00e9m\u00e1ja<\/p>\n<p>\u00daj \u00e9ttermet nyitsz, vagy szeretn\u00e9d megh\u00edvni az embereket egy sportesem\u00e9nyre a k\u00f6rny\u00e9ken? Fontos ismern\u00fcnk a f\u0151 c\u00e9lkit\u0171z\u00e9seket, amelyet a poszterrel el szeretn\u00e9l \u00e9rni. Min\u00e9l t\u00f6bb embert vonzani? Figyelemfelkelt\u00e9s? Megd\u00f6bbenteni? Milyen koroszt\u00e1lynak sz\u00f3l a poszter? A poszterrel kapcsolatos b\u00e1rmilyen inform\u00e1ci\u00f3 a seg\u00edts\u00e9g\u00fcnkre lehet: milyen sz\u00edneket prefer\u00e1lsz? Milyen st\u00edlust kedvelsz: modern, minimalista, van hat\u00e1rozott elk\u00e9pzel\u00e9sed a mot\u00edvumr\u00f3l vagy valamilyen egy\u00e9b konkr\u00e9t k\u00f6vetelm\u00e9ny? Hova lesznek ragasztva a plak\u00e1tok? \u00cdrj meg nek\u00fcnk mindent![\/vc_column_text]\r\n\t\t\t<div class=\"rt-gallery clearfix  grid-gallery fixed_heights\"  >\r\n\t\t\t\t\t<div class=\"col col-sm-12 col-xs-12\">\r\n\t\t\t\t\t\t<div class=\"gallery-item-holder\">\r\n\t\t\t\t\t\t\t<a id=\"lightbox-749764\" class=\"imgeffect zoom rt_lightbox\" data-gal-id=\"\" data-rel=\"rt_lightbox\" title=\"Enlarge Image\" data-sub-html=\"tla\u010dov\u00e9 d\u00e1ta - reklamn\u00fd plag\u00e1t\" data-src=\"\" data-width=\"\" data-height=\"\" data-poster=\"\" data-autoplay=\"\" data-audiotitle=\"\" data-download-url=\"false\" href=\"https:\/\/webandgo.sk\/wp-content\/uploads\/2018\/04\/rock-and-grill.jpg\"><div class=\"image-thumbnail\"><img decoding=\"async\" src=\"https:\/\/webandgo.sk\/wp-content\/uploads\/2018\/04\/rock-and-grill.jpg\" alt=\"tla\u010dov\u00e9 d\u00e1ta - reklamn\u00fd plag\u00e1t\" srcset=\"https:\/\/webandgo.sk\/wp-content\/uploads\/2018\/04\/rock-and-grill.jpg 664w, https:\/\/webandgo.sk\/wp-content\/uploads\/2018\/04\/rock-and-grill-332x460.jpg 332w, https:\/\/webandgo.sk\/wp-content\/uploads\/2018\/04\/rock-and-grill-260x360.jpg 260w, https:\/\/webandgo.sk\/wp-content\/uploads\/2018\/04\/rock-and-grill-216x300.jpg 216w\" sizes=\"https:\/\/webandgo.sk\/wp-content\/uploads\/2018\/04\/rock-and-grill.jpg 664w, https:\/\/webandgo.sk\/wp-content\/uploads\/2018\/04\/rock-and-grill-332x460.jpg 332w, https:\/\/webandgo.sk\/wp-content\/uploads\/2018\/04\/rock-and-grill-260x360.jpg 260w, https:\/\/webandgo.sk\/wp-content\/uploads\/2018\/04\/rock-and-grill-216x300.jpg 216w\" width=\"664\" height=\"921\"><\/div><\/a>\r\n\t\t\t\t\t\t<\/div>\r\n\t\t\t\t\t<\/div><\/div> \r\n\t\t[vc_column_text]<\/p>\n<h3>2.) A poszter m\u00e9retei<\/h3>\n<p>A rekl\u00e1mplak\u00e1t m\u00e9ret\u00e9nek megv\u00e1laszt\u00e1sa szint\u00e9n meghat\u00e1rozza annak siker\u00e9t. Term\u00e9szetesen min\u00e9l nagyobb form\u00e1tumot v\u00e1lasztasz, ann\u00e1l jobban l\u00e1that\u00f3 lesz a v\u00e9gterm\u00e9k. K\u00e9rj\u00fck, tudasd vel\u00fcnk, hogy \u00e1ll\u00f3 vagy fekv\u0151 form\u00e1ban szeretn\u00e9d prezent\u00e1lni. A poszter valamilyen keretben lesz, vagy csak laz\u00e1n ragasztva? Minden inform\u00e1ci\u00f3ra sz\u00fcks\u00e9g\u00fcnk van, mivel csak \u00edgy tudjuk maxim\u00e1lisan adapt\u00e1lni a grafik\u00e1t \u00f6tleteidhez \u00e9s a c\u00e9lcsoporthoz.<\/p>\n<h3>3.) K\u00e9pek \u00e9s fot\u00f3k j\u00f3 min\u0151s\u00e9gben<\/h3>\n<p>A plak\u00e1tokon \u00e1ltal\u00e1ban fot\u00f3k jelennek meg. Nagy form\u00e1tum\u00fa f\u00e9nyk\u00e9pek, amelyek professzion\u00e1lis felv\u00e9teleket ig\u00e9nyelnek, legal\u00e1bb 300 dpi \/ 3-4 MB \/. Ha rossz min\u0151s\u00e9g\u0171 k\u00e9peket adsz nek\u00fcnk, az a poszter rossz min\u0151s\u00e9g\u00e9ben is megmutatkozik majd. Ha nem rendelkezel ilyennel, ig\u00e9nybe veheted a k\u00fcl\u00f6nf\u00e9le fot\u00f3bankok szolg\u00e1ltat\u00e1sait. Ha nincs ilyen k\u00e9ped, \u00f6r\u00f6mmel seg\u00edt\u00fcnk a kiv\u00e1laszt\u00e1s\u00e1ban.<\/p>\n<h3>4.) Az \u00f6sszes sz\u00fcks\u00e9ges sz\u00f6veg, amit fel kell t\u00fcntetni a plak\u00e1ton<\/h3>\n<p>A sz\u00f6vegek minden j\u00f3 poszter r\u00e9sz\u00e9t k\u00e9pezik, mivel r\u00e9szletes inform\u00e1ci\u00f3kat ny\u00fajtanak az esem\u00e9nyr\u0151l vagy a term\u00e9kekr\u0151l. T\u00fcntess fel minden el\u00e9rhet\u0151s\u00e9get, inform\u00e1ci\u00f3t a lehets\u00e9ges \u00e1rakr\u00f3l, regisztr\u00e1ci\u00f3r\u00f3l \u00e9s egy\u00e9b olyan dolgokr\u00f3l, amelyek fontosak lehetnek az emberek sz\u00e1m\u00e1ra.<\/p>\n<h2>Hogyan k\u00e9sz\u00edt\u00fcnk rekl\u00e1mplak\u00e1tot?<\/h2>\n<p>Tibinknek m\u00e1r megvan a j\u00f3l bev\u00e1lt rendszere, amely szerint az egyes grafikai megrendel\u00e9seket kezeli. A plak\u00e1t els\u0151 &#8222;l\u00e1tv\u00e1nyterv\u00e9nek&#8221; elk\u00e9sz\u00edt\u00e9se k\u00f6r\u00fclbel\u00fcl 2 munkanapot vesz ig\u00e9nybe. Term\u00e9szetesen a poszter m\u00e9rete, a grafikai elemek sz\u00e1ma, a sz\u00f6veg \u00e9s a megrendel\u0151t\u0151l sz\u00e1rmaz\u00f3 k\u00f6vetelm\u00e9nyek is fontos szerepet j\u00e1tszanak. Amennyiben a rekl\u00e1mplak\u00e1t sz\u00e1mos tov\u00e1bbi m\u00f3dos\u00edt\u00e1st vagy kreat\u00edv grafik\u00e1t ig\u00e9nyel sablonok haszn\u00e1lata n\u00e9lk\u00fcl, a l\u00e1tv\u00e1ny elk\u00e9sz\u00edt\u00e9se hosszabb id\u0151t vehet ig\u00e9nybe. Az eredm\u00e9ny azonban mindenk\u00e9ppen meg\u00e9ri!<\/p>\n<p>A rekl\u00e1mplak\u00e1t v\u00e9gleges form\u00e1ja \u00e1tfog\u00f3 inform\u00e1ci\u00f3kat tartalmaz a nyomda sz\u00e1m\u00e1ra: a sz\u00ednek, a bet\u0171t\u00edpusok, a v\u00e1g\u00e1si jelek \u00e9s minden egy\u00e9b sz\u00fcks\u00e9ges adat meghat\u00e1roz\u00e1sa fel van t\u00fcntetve. Plak\u00e1tjaidat term\u00e9szetesen kinyomtathatod egyenesen n\u00e1lunk is.[\/vc_column_text][\/vc_column][\/vc_row][vc_row rt_row_background_width=&#8221;fullwidth&#8221; rt_row_content_width=&#8221;default&#8221; rt_row_style=&#8221;default-style&#8221; rt_row_height=&#8221;&#8221; rt_column_gaps=&#8221;&#8221; rt_row_shadows=&#8221;&#8221; rt_row_borders=&#8221;&#8221; rt_bg_effect=&#8221;classic&#8221; rt_bg_image_repeat=&#8221;repeat&#8221; rt_bg_size=&#8221;cover&#8221; rt_bg_position=&#8221;right top&#8221; rt_bg_attachment=&#8221;scroll&#8221; rt_bg_layer=&#8221;&#8221; rt_bg_video_format=&#8221;self-hosted&#8221; rt_class=&#8221;rt-4089081&#8243; rt_paddings=&#8221;,,,&#8221; rt_margins=&#8221;,,,&#8221; rt_content_margins=&#8221;,,,&#8221; rt_tablet_paddings=&#8221;,,,&#8221; rt_tablet_margins=&#8221;,,,&#8221; rt_tablet_content_margins=&#8221;,,,&#8221; rt_sp_paddings=&#8221;,,,&#8221; rt_sp_margins=&#8221;,,,&#8221; rt_sp_content_margins=&#8221;,,,&#8221; rt_bg_color=&#8221;#282828&#8243;][vc_column rt_bg_effect=&#8221;classic&#8221; rt_bg_image_repeat=&#8221;repeat&#8221; rt_bg_size=&#8221;auto auto&#8221; rt_bg_position=&#8221;right top&#8221; rt_bg_attachment=&#8221;scroll&#8221;]<div class=\"rt-heading-wrapper style-5 rt-9005003\">\n\t\t\t\t\t\t<h3 class=\"rt-heading style-5\" >Sz\u00fcks\u00e9ged van egy kreat\u00edv rekl\u00e1mplak\u00e1tra rendezv\u00e9nyed, szolg\u00e1ltat\u00e1said vagy term\u00e9ked n\u00e9pszer\u0171s\u00edt\u00e9s\u00e9hez? <\/h3>\n\t\t\t\t\t<\/div>[vc_column_text][\/vc_column_text]<div class=\"button_wrapper  rounded\"><a href=\"https:\/\/webandgo.sk\/hu\/kapcsolat\" target=\"_self\" title=\"L\u00e9pj vel\u00fcnk kapcsolatba\" class=\"button_  heading-font style-1 big rt-9408867\"><span><span>L\u00e9pj vel\u00fcnk kapcsolatba<\/span><\/span><\/a><\/div>[\/vc_column][\/vc_row]<\/p>\n","protected":false},"excerpt":{"rendered":"<p>Ha egy reprezentat\u00edv rekl\u00e1mplak\u00e1tr\u00f3l vagy b\u00e1rmilyen komolyabb nyomtatott anyagr\u00f3l van sz\u00f3, akkor azt javasoljuk, vedd fel a kapcsolatot tapasztalt grafikussal. A c\u00e9g j\u00f3 h\u00edr\u00e9t k\u00e1r lenne elrontani felesleges amat\u0151r man\u0151verekkel&#8230;<\/p>\n","protected":false},"author":6,"featured_media":17187,"comment_status":"closed","ping_status":"closed","sticky":false,"template":"","format":"standard","meta":{"_stopmodifiedupdate":false,"_modified_date":"","_seopress_robots_primary_cat":"0","_seopress_titles_title":"","_seopress_titles_desc":"Ha egy reprezentat\u00edv rekl\u00e1mplak\u00e1tr\u00f3l vagy b\u00e1rmilyen komolyabb nyomtatott anyagr\u00f3l van sz\u00f3, akkor azt javasoljuk, vedd fel a kapcsolatot tapasztalt grafikussal. A c\u00e9g j\u00f3 h\u00edr\u00e9t k\u00e1r lenne elrontani felesleges amat\u0151r man\u0151verekkel...","_seopress_robots_index":"","_lmt_disableupdate":"no","_lmt_disable":"","footnotes":""},"categories":[896],"tags":[980,981,982,983,984,985,986],"class_list":["post-16479","post","type-post","status-publish","format-standard","has-post-thumbnail","hentry","category-grafikai-tervezes","tag-graficky-dizajn-hu","tag-vektorova-grafika-hu","tag-graficke-navrhy-hu","tag-grafik-hu","tag-profesionalna-grafika-hu","tag-graficky-navrh-letakov-hu","tag-graficky-navrh-na-billboard-hu"],"modified_by":"Web & go design, s.r.o.","_links":{"self":[{"href":"https:\/\/webandgo.sk\/hu\/wp-json\/wp\/v2\/posts\/16479","targetHints":{"allow":["GET"]}}],"collection":[{"href":"https:\/\/webandgo.sk\/hu\/wp-json\/wp\/v2\/posts"}],"about":[{"href":"https:\/\/webandgo.sk\/hu\/wp-json\/wp\/v2\/types\/post"}],"author":[{"embeddable":true,"href":"https:\/\/webandgo.sk\/hu\/wp-json\/wp\/v2\/users\/6"}],"replies":[{"embeddable":true,"href":"https:\/\/webandgo.sk\/hu\/wp-json\/wp\/v2\/comments?post=16479"}],"version-history":[{"count":0,"href":"https:\/\/webandgo.sk\/hu\/wp-json\/wp\/v2\/posts\/16479\/revisions"}],"wp:featuredmedia":[{"embeddable":true,"href":"https:\/\/webandgo.sk\/hu\/wp-json\/wp\/v2\/media\/17187"}],"wp:attachment":[{"href":"https:\/\/webandgo.sk\/hu\/wp-json\/wp\/v2\/media?parent=16479"}],"wp:term":[{"taxonomy":"category","embeddable":true,"href":"https:\/\/webandgo.sk\/hu\/wp-json\/wp\/v2\/categories?post=16479"},{"taxonomy":"post_tag","embeddable":true,"href":"https:\/\/webandgo.sk\/hu\/wp-json\/wp\/v2\/tags?post=16479"}],"curies":[{"name":"wp","href":"https:\/\/api.w.org\/{rel}","templated":true}]}}