{"id":18704,"date":"2021-12-17T10:08:02","date_gmt":"2021-12-17T09:08:02","guid":{"rendered":"https:\/\/webandgo.sk\/?p=18704"},"modified":"2021-12-17T10:26:03","modified_gmt":"2021-12-17T09:26:03","slug":"grafikai-tervezest-rendeltem","status":"publish","type":"post","link":"https:\/\/webandgo.sk\/hu\/grafikai-tervezest-rendeltem","title":{"rendered":"Megrendeltem a grafikai tervez\u00e9st, mikor l\u00e1thatom az elk\u00e9sz\u00fclt anyagokat?"},"content":{"rendered":"<p>[vc_row rt_row_background_width=&#8221;fullwidth&#8221; rt_row_content_width=&#8221;default&#8221; rt_row_style=&#8221;default-style&#8221; rt_row_height=&#8221;&#8221; rt_column_gaps=&#8221;&#8221; rt_row_shadows=&#8221;&#8221; rt_row_borders=&#8221;&#8221; rt_bg_effect=&#8221;classic&#8221; rt_bg_image_repeat=&#8221;repeat&#8221; rt_bg_size=&#8221;cover&#8221; rt_bg_position=&#8221;right top&#8221; rt_bg_attachment=&#8221;scroll&#8221; rt_bg_layer=&#8221;&#8221; rt_bg_video_format=&#8221;self-hosted&#8221;][vc_column rt_bg_effect=&#8221;classic&#8221; rt_bg_image_repeat=&#8221;repeat&#8221; rt_bg_size=&#8221;auto auto&#8221; rt_bg_position=&#8221;right top&#8221; rt_bg_attachment=&#8221;scroll&#8221;][vc_column_text]<em>Ez \u00fcgyfeleink t\u00f6bbs\u00e9g\u00e9t leggyakrabban foglalkoztat\u00f3 k\u00e9rd\u00e9sek egyike. Ahhoz, hogy eljussunk a k\u00edv\u00e1nt v\u00e9geredm\u00e9nyig &#8211; legyen sz\u00f3 aut\u00f3matric\u00e1r\u00f3l, nyomtatott sz\u00f3r\u00f3lapr\u00f3l vagy grafik\u00e1r\u00f3l egy weboldalon &#8211; meg kell tenn\u00fcnk n\u00e9h\u00e1ny kihagyhatatlan l\u00e9p\u00e9st. Sok \u00fcgyf\u00e9l gyakran azt hiszi, hogy minden azonnal elk\u00e9sz\u00fcl az \u00e1raj\u00e1nlat j\u00f3v\u00e1hagy\u00e1sa ut\u00e1n. Szeretn\u00e9nk tiszt\u00e1zni ezt a f\u00e9lre\u00e9rt\u00e9st- a grafikusnak m\u00e9g sz\u00fcks\u00e9ge lesz n\u00e9h\u00e1ny r\u00e9szletre a munk\u00e1j\u00e1hoz, ami seg\u00edt abban, hogy pontosan azt alkossa, amit a megrendel\u0151 elv\u00e1r t\u0151le &#8211; a legjobb min\u0151s\u00e9g\u0171 munk\u00e1t. Az megrendel\u0151 egy\u00fcttm\u0171k\u00f6d\u00e9se n\u00e9lk\u00fcl azonban ez nem kivitelezhet\u0151. \u00c9ppen ez\u00e9rt \u00faj cikk\u00fcnkben \u00f6sszefoglaltunk n\u00e9h\u00e1ny pontot, amelyek seg\u00edts\u00e9g\u00e9vel felgyors\u00edthatod a grafikusokkal val\u00f3 egy\u00fcttm\u0171k\u00f6d\u00e9st, hogy a h\u0151n \u00e1h\u00edtott l\u00e1tv\u00e1nyelemek miel\u0151bb el\u00e9rhet\u0151ek legyenek.<\/em>[\/vc_column_text][vc_column_text]<\/p>\n<h2><strong>A te elk\u00e9pzel\u00e9seid<\/strong><\/h2>\n<p>[\/vc_column_text][vc_column_text]Minden veled kezd\u0151dik \u00e9s v\u00e9gz\u0151dik. Ahhoz, hogy egy\u00e1ltal\u00e1n elkezdhess\u00fcnk dolgozni a projekten, a lehet\u0151 legt\u00f6bb inform\u00e1ci\u00f3val kell ell\u00e1tnunk a grafikus tervez\u0151t arr\u00f3l, hogy mit szeretn\u00e9l l\u00e1tni a v\u00e9gs\u0151 grafikus kimenetben. Ez nem azt jelenti, hogy pontr\u00f3l pontra kell le\u00edrnod \u200b\u200bnek\u00fcnk, hogy mit\u00a0 hova szeretn\u00e9l elhelyezni, sokkal ink\u00e1bb az \u00f6sszhat\u00e1sr\u00f3l, atmoszf\u00e9r\u00e1r\u00f3l, \u00a0arr\u00f3l, hogy a l\u00e1tv\u00e1ny milyen \u00e9rz\u00e9seket, asszoci\u00e1ci\u00f3kat keltsen, milyen sz\u00edneket prefer\u00e1lsz, hogyan kell hatnia \u00a0az emberekre (szigor\u00faan, agressz\u00edvabban, gyeng\u00e9den stb.). \u00a0Min\u00e9l pontosabban, \u00a0tiszt\u00e1bban \u00e9s konkr\u00e9tabban fogalmazod meg elk\u00e9pzel\u00e9seidet, ann\u00e1l jobban fog dolgozni a grafikus, \u00e9s ann\u00e1l jobban tudja vizualiz\u00e1lni a Te ig\u00e9nyeidnek megfelel\u0151 v\u00e9geredm\u00e9nyt. \u00c9ppen ellenkez\u0151leg, min\u00e9l hom\u00e1lyosabbak az inform\u00e1ci\u00f3k, ann\u00e1l hosszabb ideig tart a k\u00f6lcs\u00f6n\u00f6s \u201ehangol\u00f3d\u00e1s\u201d \u00e9s az azt k\u00f6vet\u0151 kidolgoz\u00e1s\u2026[\/vc_column_text][vc_column_text]<\/p>\n<h2><strong>K\u00e9pek min\u0151s\u00e9gi felbont\u00e1sban<\/strong><\/h2>\n<p>[\/vc_column_text][vc_column_text]J\u00f3, illetve min\u0151s\u00e9gi alapanyagok n\u00e9lk\u00fcl soha nem k\u00e9sz\u00fcl eszt\u00e9tikus \u00e9s \u00edzletes \u00e9tel. Ugyanez a helyzet a grafika k\u00e9sz\u00edt\u00e9s\u00e9n\u00e9l is &#8211; ha nincs j\u00f3 min\u0151s\u00e9g\u0171 k\u00e9panyag a kezd\u0151lapon, valamint f\u00fclbem\u00e1sz\u00f3, profin meg\u00edrt sz\u00f6vegek, akkor nincs sok \u00e9rtelme egy\u00e1ltal\u00e1n semmit sem csin\u00e1lni. Az er\u0151s l\u00e1tv\u00e1ny garant\u00e1lt recept a figyelem felkelt\u00e9s\u00e9re. \u00c9s mi \u00e9ppen erre t\u00f6reksz\u00fcnk. Ez\u00e9rt ha j\u00f3 felbont\u00e1s\u00fa fot\u00f3id vannak, mindig k\u00fcldd el e-mailben a grafikusnak, mert \u00edgy megmarad a kiv\u00e1l\u00f3 min\u0151s\u00e9g\u00fck. Soha nem fogadunk el p\u00e9ld\u00e1ul k\u00fcl\u00f6nf\u00e9le kommunik\u00e1ci\u00f3s alkalmaz\u00e1sokon, \u00a0Messengeren, Viberen vagy Skype-on kereszt\u00fcl k\u00fcld\u00f6tt k\u00e9peket.[\/vc_column_text]\r\n\t\t\t<div class=\"rt-gallery clearfix  grid-gallery fixed_heights\"  >\r\n\t\t\t\t\t<div class=\"col col-sm-12 col-xs-12\">\r\n\t\t\t\t\t\t<div class=\"gallery-item-holder\">\r\n\t\t\t\t\t\t\t<a id=\"lightbox-336245\" class=\"imgeffect zoom rt_lightbox\" data-gal-id=\"\" data-rel=\"rt_lightbox\" title=\"Enlarge Image\" data-sub-html=\"objendal-som-si-graficky-navrh-1\" data-src=\"\" data-width=\"\" data-height=\"\" data-poster=\"\" data-autoplay=\"\" data-audiotitle=\"\" data-download-url=\"false\" href=\"https:\/\/webandgo.sk\/wp-content\/uploads\/2021\/12\/objendal-som-si-graficky-navrh-1.jpg\"><div class=\"image-thumbnail\"><img decoding=\"async\" src=\"https:\/\/webandgo.sk\/wp-content\/uploads\/2021\/12\/objendal-som-si-graficky-navrh-1.jpg\" alt=\"\" srcset=\"https:\/\/webandgo.sk\/wp-content\/uploads\/2021\/12\/objendal-som-si-graficky-navrh-1.jpg 1200w, https:\/\/webandgo.sk\/wp-content\/uploads\/2021\/12\/objendal-som-si-graficky-navrh-1-600x362.jpg 600w, https:\/\/webandgo.sk\/wp-content\/uploads\/2021\/12\/objendal-som-si-graficky-navrh-1-300x181.jpg 300w, https:\/\/webandgo.sk\/wp-content\/uploads\/2021\/12\/objendal-som-si-graficky-navrh-1-768x464.jpg 768w, https:\/\/webandgo.sk\/wp-content\/uploads\/2021\/12\/objendal-som-si-graficky-navrh-1-1024x619.jpg 1024w, https:\/\/webandgo.sk\/wp-content\/uploads\/2021\/12\/objendal-som-si-graficky-navrh-1-550x332.jpg 550w\" sizes=\"https:\/\/webandgo.sk\/wp-content\/uploads\/2021\/12\/objendal-som-si-graficky-navrh-1.jpg 1200w, https:\/\/webandgo.sk\/wp-content\/uploads\/2021\/12\/objendal-som-si-graficky-navrh-1-600x362.jpg 600w, https:\/\/webandgo.sk\/wp-content\/uploads\/2021\/12\/objendal-som-si-graficky-navrh-1-300x181.jpg 300w, https:\/\/webandgo.sk\/wp-content\/uploads\/2021\/12\/objendal-som-si-graficky-navrh-1-768x464.jpg 768w, https:\/\/webandgo.sk\/wp-content\/uploads\/2021\/12\/objendal-som-si-graficky-navrh-1-1024x619.jpg 1024w, https:\/\/webandgo.sk\/wp-content\/uploads\/2021\/12\/objendal-som-si-graficky-navrh-1-550x332.jpg 550w\" width=\"1200\" height=\"725\"><\/div><\/a>\r\n\t\t\t\t\t\t<\/div>\r\n\t\t\t\t\t<\/div><\/div> \r\n\t\t[vc_column_text]<\/p>\n<h2><strong>Figyelemfelkelt\u0151 sz\u00f6vegek<\/strong><\/h2>\n<p>[\/vc_column_text][vc_column_text]A m\u00e1sodik legfontosabb komponens maguk a sz\u00f6veges anyagok. Ha m\u00e1r vannak k\u00e9sz sz\u00f6vegeid, a legjobb, ha Wordben \u00edrva k\u00fcld\u00f6d el azokat \u2013 ezek azok a f\u00e1jlok, amelyek kiterjeszt\u00e9se .doc. Ezzel egyr\u00e9szt rengeteg id\u0151t takar\u00edtasz meg a grafikus sz\u00e1m\u00e1ra, hiszen egyszer\u0171en csak le kell m\u00e1solnia a szavakat, \u00e9s tetsz\u00e9s szerint dolgozhat vel\u00fck, m\u00e1sr\u00e9szt ez a legegyszer\u0171bb m\u00f3dja a felesleges nyelvtani hib\u00e1k elker\u00fcl\u00e9s\u00e9nek. Sajnos tal\u00e1lkoztunk m\u00e1r olyan esetekkel, amikor k\u00e9zzel, pap\u00edrra \u00edrt sz\u00f6vegek ker\u00fcltek hozz\u00e1nk. Az ilyen sz\u00f6vegek olvas\u00e1sa n\u00e9ha hasonl\u00f3 a rejtjelek dek\u00f3dol\u00e1s\u00e1val kapcsolatos munk\u00e1hoz. Tiszt\u00e1ban vagyunk vele, hogy valaki id\u0151hi\u00e1ny miatt sz\u00edvesebben ny\u00fal pap\u00edr\u00e9rt \u00e9s toll\u00e9rt, de 2021 v\u00e9g\u00e9re mindenk\u00e9ppen Word form\u00e1tum\u00fa sz\u00f6vegekre lesz sz\u00fcks\u00e9g\u00fcnk. F\u0151leg a Te \u00e9rdekedben. Ha pedig nincs id\u0151d, kapacit\u00e1sod vagy k\u00e9szs\u00e9ged kital\u00e1lni , \u00e9s saj\u00e1t sz\u00f6veget \u00edrni, sz\u00edvesen k\u00f6lcs\u00f6n\u00f6zz\u00fck Neked sz\u00f6veg\u00edr\u00f3nkat, hogy olyan professzion\u00e1lis sz\u00f6vegeket k\u00e9sz\u00edtsen, amelyekkel biztosan el\u00e9gedett leszel.[\/vc_column_text][vc_column_text]<\/p>\n<h2><strong>Log\u00f3 (c\u00e9garculat)<\/strong><\/h2>\n<p>[\/vc_column_text][vc_column_text]Ha m\u00e1r megvan a gy\u00f6ny\u00f6r\u0171 log\u00f3d \u00e9s el\u00e9gedett vagy vele, k\u00e9rj\u00fck, b\u00e1tran k\u00fcldd el nek\u00fcnk. Mindenekel\u0151tt meg kell k\u00fcl\u00f6nb\u00f6ztetned magad a versenyt\u00e1rsakt\u00f3l, ez\u00e9rt a legjobb, ha az \u00faj grafik\u00e1kat az <a href=\"https:\/\/webandgo.sk\/hu\/szolgaltatasaink\/logotervezes\" target=\"_blank\" rel=\"noopener\">eredeti log\u00f3hoz<\/a> &#8222;szabjuk&#8221; &#8211; vagyis val\u00f3sz\u00edn\u0171leg hasonl\u00f3 sz\u00edneket \u00e9s st\u00edlust fogunk haszn\u00e1lni, \u00edgy mindenki azonnal beazonos\u00edt majd. Fontos, hogy log\u00f3dat mindig vektoros form\u00e1tumban kapjuk meg, ugyanis grafikai munk\u00e1kn\u00e1l minden m\u00e1s v\u00e1ltozat abszol\u00fat nem megfelel\u0151. Sajnos m\u00e9g ma is el\u0151fordul, hogy valaki k\u00e9pes form\u00e1tumban k\u00fcld nek\u00fcnk log\u00f3t. Ilyenkor \u00fajat kell tervezn\u00fcnk, mert jpg form\u00e1tum\u00fa log\u00f3val nem lehet min\u0151s\u00e9gi grafikai tervet k\u00e9sz\u00edteni[\/vc_column_text][vc_column_text]<\/p>\n<h2><strong>A grafika nem egy all inclusive szolg\u00e1ltat\u00e1s<\/strong><\/h2>\n<p>[\/vc_column_text][vc_column_text]A f\u00e9lre\u00e9rt\u00e9sek elker\u00fcl\u00e9se v\u00e9gett szeret\u00fcnk \u0151szint\u00e9n besz\u00e9lni Web &amp; go design \u00fcgyn\u00f6ks\u00e9g\u00fcnkn\u00e9l \u2013 ez\u00e9rt fontosnak tartjuk ezt a r\u00f6vid, de ann\u00e1l fontosabb megjegyz\u00e9st. Ugyanis gyakran el\u0151fordul, hogy a megrendel\u0151nek t\u00e9ves elk\u00e9pzel\u00e9se van egy <a href=\"https:\/\/webandgo.sk\/hu\/szolgaltatasaink\/grafikai-munkak\" target=\"_blank\" rel=\"noopener\">grafikus munk\u00e1ss\u00e1g\u00e1r\u00f3l<\/a>. Szokatlanul sz\u00e9les k\u00f6r\u0171 marketingszolg\u00e1ltat\u00e1st ig\u00e9nyelnek &#8211; a teljes \u00fczleti terv lass\u00fa kidolgoz\u00e1s\u00e1t\u00f3l a m\u00e1rka teljes vizu\u00e1lis strat\u00e9gi\u00e1j\u00e1ig, a m\u00e1rka\u00e9p\u00edt\u00e9sig \u00e9s a kommunik\u00e1ci\u00f3s st\u00edlusig. A &#8222;tegy\u00e9l oda valamit, te \u00e9rtesz hozz\u00e1 a legjobban&#8221; megk\u00f6zel\u00edt\u00e9s nagyon nem \u00e1llja meg a hely\u00e9t. F\u0151 \u00f6tlet, ir\u00e1nyvonal \u00e9s legal\u00e1bb hozz\u00e1vet\u0151leges elk\u00e9pzel\u00e9s n\u00e9lk\u00fcl, hogy milyen form\u00e1ban szeretn\u00e9d bemutatni term\u00e9keidet, szolg\u00e1ltat\u00e1saidat \u00e9s m\u00e1rk\u00e1dat leend\u0151 v\u00e1s\u00e1rl\u00f3id el\u0151tt, elk\u00e9pzelhetetlen, hogy egy\u00e1ltal\u00e1n tov\u00e1bb dolgozzunk.[\/vc_column_text]\r\n\t\t\t<div class=\"rt-gallery clearfix  grid-gallery fixed_heights\"  >\r\n\t\t\t\t\t<div class=\"col col-sm-12 col-xs-12\">\r\n\t\t\t\t\t\t<div class=\"gallery-item-holder\">\r\n\t\t\t\t\t\t\t<a id=\"lightbox-220988\" class=\"imgeffect zoom rt_lightbox\" data-gal-id=\"\" data-rel=\"rt_lightbox\" title=\"Enlarge Image\" data-sub-html=\"objendal-som-si-graficky-navrh-2\" data-src=\"\" data-width=\"\" data-height=\"\" data-poster=\"\" data-autoplay=\"\" data-audiotitle=\"\" data-download-url=\"false\" href=\"https:\/\/webandgo.sk\/wp-content\/uploads\/2021\/12\/objendal-som-si-graficky-navrh-2.jpg\"><div class=\"image-thumbnail\"><img decoding=\"async\" src=\"https:\/\/webandgo.sk\/wp-content\/uploads\/2021\/12\/objendal-som-si-graficky-navrh-2.jpg\" alt=\"\" srcset=\"https:\/\/webandgo.sk\/wp-content\/uploads\/2021\/12\/objendal-som-si-graficky-navrh-2.jpg 1200w, https:\/\/webandgo.sk\/wp-content\/uploads\/2021\/12\/objendal-som-si-graficky-navrh-2-300x200.jpg 300w, https:\/\/webandgo.sk\/wp-content\/uploads\/2021\/12\/objendal-som-si-graficky-navrh-2-768x512.jpg 768w, https:\/\/webandgo.sk\/wp-content\/uploads\/2021\/12\/objendal-som-si-graficky-navrh-2-1024x683.jpg 1024w, https:\/\/webandgo.sk\/wp-content\/uploads\/2021\/12\/objendal-som-si-graficky-navrh-2-600x400.jpg 600w, https:\/\/webandgo.sk\/wp-content\/uploads\/2021\/12\/objendal-som-si-graficky-navrh-2-540x360.jpg 540w\" sizes=\"https:\/\/webandgo.sk\/wp-content\/uploads\/2021\/12\/objendal-som-si-graficky-navrh-2.jpg 1200w, https:\/\/webandgo.sk\/wp-content\/uploads\/2021\/12\/objendal-som-si-graficky-navrh-2-300x200.jpg 300w, https:\/\/webandgo.sk\/wp-content\/uploads\/2021\/12\/objendal-som-si-graficky-navrh-2-768x512.jpg 768w, https:\/\/webandgo.sk\/wp-content\/uploads\/2021\/12\/objendal-som-si-graficky-navrh-2-1024x683.jpg 1024w, https:\/\/webandgo.sk\/wp-content\/uploads\/2021\/12\/objendal-som-si-graficky-navrh-2-600x400.jpg 600w, https:\/\/webandgo.sk\/wp-content\/uploads\/2021\/12\/objendal-som-si-graficky-navrh-2-540x360.jpg 540w\" width=\"1200\" height=\"800\"><\/div><\/a>\r\n\t\t\t\t\t\t<\/div>\r\n\t\t\t\t\t<\/div><\/div> \r\n\t\t[vc_column_text]<\/p>\n<h2><strong>Teh\u00e1t mennyi ideig tart egy grafika elk\u00e9sz\u00edt\u00e9se?<\/strong><\/h2>\n<p>[\/vc_column_text][vc_column_text]Al\u00e1h\u00fazva \u00e9s \u00f6sszefoglalva: a kivitelez\u00e9s gyorsas\u00e1ga els\u0151sorban a megrendel\u0151n m\u00falik, \u00e9s azon, hogy k\u00e9szen \u00e1ll-e a grafikus rendelkez\u00e9s\u00e9re bocs\u00e1tani a fentebb eml\u00edtett anyagokat, sz\u00f6vegeket, inform\u00e1ci\u00f3kat a lehet\u0151 legjobb eredm\u00e9ny el\u00e9r\u00e9se \u00e9rdek\u00e9ben, amellyel v\u00e9gs\u0151 soron mindk\u00e9t f\u00e9l el\u00e9gedett lesz.[\/vc_column_text][\/vc_column][\/vc_row][vc_row rt_row_background_width=&#8221;fullwidth&#8221; rt_row_content_width=&#8221;default&#8221; rt_row_style=&#8221;default-style&#8221; rt_row_height=&#8221;&#8221; rt_column_gaps=&#8221;&#8221; rt_row_shadows=&#8221;&#8221; rt_row_borders=&#8221;&#8221; rt_bg_effect=&#8221;classic&#8221; rt_bg_image_repeat=&#8221;repeat&#8221; rt_bg_size=&#8221;cover&#8221; rt_bg_position=&#8221;right top&#8221; rt_bg_attachment=&#8221;scroll&#8221; rt_bg_layer=&#8221;&#8221; rt_bg_video_format=&#8221;self-hosted&#8221;][vc_column rt_bg_effect=&#8221;classic&#8221; rt_bg_image_repeat=&#8221;repeat&#8221; rt_bg_size=&#8221;auto auto&#8221; rt_bg_position=&#8221;right top&#8221; rt_bg_attachment=&#8221;scroll&#8221;][vc_empty_space][\/vc_column][\/vc_row][vc_row rt_row_background_width=&#8221;fullwidth&#8221; rt_row_content_width=&#8221;default&#8221; rt_row_style=&#8221;default-style&#8221; rt_row_height=&#8221;&#8221; rt_column_gaps=&#8221;&#8221; rt_row_shadows=&#8221;&#8221; rt_row_borders=&#8221;&#8221; rt_bg_effect=&#8221;classic&#8221; rt_bg_image_repeat=&#8221;repeat&#8221; rt_bg_size=&#8221;cover&#8221; rt_bg_position=&#8221;right top&#8221; rt_bg_attachment=&#8221;scroll&#8221; rt_bg_layer=&#8221;&#8221; rt_bg_video_format=&#8221;self-hosted&#8221; rt_class=&#8221;rt-4089081&#8243; rt_paddings=&#8221;,,,&#8221; rt_margins=&#8221;,,,&#8221; rt_content_margins=&#8221;,,,&#8221; rt_tablet_paddings=&#8221;,,,&#8221; rt_tablet_margins=&#8221;,,,&#8221; rt_tablet_content_margins=&#8221;,,,&#8221; rt_sp_paddings=&#8221;,,,&#8221; rt_sp_margins=&#8221;,,,&#8221; rt_sp_content_margins=&#8221;,,,&#8221; rt_bg_color=&#8221;#282828&#8243;][vc_column rt_bg_effect=&#8221;classic&#8221; rt_bg_image_repeat=&#8221;repeat&#8221; rt_bg_size=&#8221;auto auto&#8221; rt_bg_position=&#8221;right top&#8221; rt_bg_attachment=&#8221;scroll&#8221;]<div class=\"rt-heading-wrapper style-5 rt-1028180\">\n\t\t\t\t\t\t<h3 class=\"rt-heading style-5\" >Log\u00f3ra, c\u00e9ges m\u00e1rkajelz\u00e9sre vagy men\u0151 grafik\u00e1ra van sz\u00fcks\u00e9ged?<\/h3>\n\t\t\t\t\t<\/div><div class=\"button_wrapper  rounded\"><a href=\"https:\/\/webandgo.sk\/hu\/kapcsolat\" target=\"_self\" title=\"Keress minket\" class=\"button_  heading-font style-1 big rt-1770214\"><span><span>Keress minket<\/span><\/span><\/a><\/div>[\/vc_column][\/vc_row]<\/p>\n","protected":false},"excerpt":{"rendered":"<p>Ahhoz, hogy eljussunk a k\u00edv\u00e1nt v\u00e9geredm\u00e9nyig &#8211; legyen sz\u00f3 aut\u00f3matric\u00e1r\u00f3l, sz\u00f3r\u00f3lapr\u00f3l &#8211; meg kell tenn\u00fcnk n\u00e9h\u00e1ny kihagyhatatlan l\u00e9p\u00e9st. <\/p>\n","protected":false},"author":6,"featured_media":18714,"comment_status":"closed","ping_status":"closed","sticky":false,"template":"","format":"standard","meta":{"_stopmodifiedupdate":false,"_modified_date":"","_seopress_robots_primary_cat":"0","_seopress_titles_title":"","_seopress_titles_desc":"Ahhoz, hogy eljussunk a k\u00edv\u00e1nt v\u00e9geredm\u00e9nyig - legyen sz\u00f3 aut\u00f3matric\u00e1r\u00f3l, sz\u00f3r\u00f3lapr\u00f3l - meg kell tenn\u00fcnk n\u00e9h\u00e1ny kihagyhatatlan l\u00e9p\u00e9st.","_seopress_robots_index":"","_lmt_disableupdate":"no","_lmt_disable":"no","footnotes":""},"categories":[896],"tags":[984,994,1029,1034,980],"class_list":["post-18704","post","type-post","status-publish","format-standard","has-post-thumbnail","hentry","category-grafikai-tervezes","tag-profesionalna-grafika-hu","tag-graficky-navrh-hu","tag-graficky-navrh-loga-hu","tag-logo-hu","tag-graficky-dizajn-hu"],"modified_by":"Web & go design, s.r.o.","_links":{"self":[{"href":"https:\/\/webandgo.sk\/hu\/wp-json\/wp\/v2\/posts\/18704","targetHints":{"allow":["GET"]}}],"collection":[{"href":"https:\/\/webandgo.sk\/hu\/wp-json\/wp\/v2\/posts"}],"about":[{"href":"https:\/\/webandgo.sk\/hu\/wp-json\/wp\/v2\/types\/post"}],"author":[{"embeddable":true,"href":"https:\/\/webandgo.sk\/hu\/wp-json\/wp\/v2\/users\/6"}],"replies":[{"embeddable":true,"href":"https:\/\/webandgo.sk\/hu\/wp-json\/wp\/v2\/comments?post=18704"}],"version-history":[{"count":0,"href":"https:\/\/webandgo.sk\/hu\/wp-json\/wp\/v2\/posts\/18704\/revisions"}],"wp:featuredmedia":[{"embeddable":true,"href":"https:\/\/webandgo.sk\/hu\/wp-json\/wp\/v2\/media\/18714"}],"wp:attachment":[{"href":"https:\/\/webandgo.sk\/hu\/wp-json\/wp\/v2\/media?parent=18704"}],"wp:term":[{"taxonomy":"category","embeddable":true,"href":"https:\/\/webandgo.sk\/hu\/wp-json\/wp\/v2\/categories?post=18704"},{"taxonomy":"post_tag","embeddable":true,"href":"https:\/\/webandgo.sk\/hu\/wp-json\/wp\/v2\/tags?post=18704"}],"curies":[{"name":"wp","href":"https:\/\/api.w.org\/{rel}","templated":true}]}}