{"id":22828,"date":"2025-08-20T15:25:53","date_gmt":"2025-08-20T13:25:53","guid":{"rendered":"https:\/\/webandgo.sk\/?p=22828"},"modified":"2025-08-20T15:22:08","modified_gmt":"2025-08-20T13:22:08","slug":"firemny-branding-a-psychologia-ako-ovplyvnuje-vasa-znacka-myslenie-a-rozhodovanie-zakaznikov-2","status":"publish","type":"post","link":"https:\/\/webandgo.sk\/hu\/hibak-amiket-jobb-ha-elkerulsz-amikor-ceges-arculatot-epitesz","title":{"rendered":"Hib\u00e1k, amiket jobb, ha elker\u00fclsz, amikor c\u00e9ges arculatot \u00e9p\u00edtesz"},"content":{"rendered":"<p>[vc_row rt_row_background_width=&#8221;fullwidth&#8221; rt_row_content_width=&#8221;default&#8221; rt_row_style=&#8221;default-style&#8221; rt_row_height=&#8221;&#8221; rt_column_gaps=&#8221;&#8221; rt_row_shadows=&#8221;&#8221; rt_row_borders=&#8221;&#8221; rt_bg_effect=&#8221;classic&#8221; rt_bg_image_repeat=&#8221;repeat&#8221; rt_bg_size=&#8221;cover&#8221; rt_bg_position=&#8221;right top&#8221; rt_bg_attachment=&#8221;scroll&#8221; rt_bg_layer=&#8221;&#8221; rt_bg_video_format=&#8221;self-hosted&#8221;][vc_column rt_bg_effect=&#8221;classic&#8221; rt_bg_image_repeat=&#8221;repeat&#8221; rt_bg_size=&#8221;auto auto&#8221; rt_bg_position=&#8221;right top&#8221; rt_bg_attachment=&#8221;scroll&#8221;][vc_column_text css=&#8221;&#8221;]<em><span style=\"font-weight: 400;\">Egy j\u00f3l eltal\u00e1lt m\u00e1rk\u00e1nak van kisug\u00e1rz\u00e1sa. Van aur\u00e1ja. Megjegyzed els\u0151re. A m\u00e1rk\u00e1k olyanok, mint az emberek. Van, amelyik m\u00e1r az els\u0151 pillanatban megfog, m\u00e1sik mellett sim\u00e1n els\u00e9t\u00e1lsz. A titok a <\/span><span style=\"font-weight: 400;\">kapcsol\u00f3d\u00e1sban<\/span><span style=\"font-weight: 400;\"> van. Ha az emberek nem tudnak \u00e9rzelmileg k\u00f6t\u0151dni a m\u00e1rk\u00e1dhoz, akkor val\u00f3sz\u00edn\u0171leg nem kommunik\u00e1lsz el\u00e9g hat\u00e9konyan.<\/span><\/em><\/p>\n<p><em><span style=\"font-weight: 400;\">Az er\u0151s vizu\u00e1lis arculat nemcsak egy log\u00f3b\u00f3l \u00e1ll. Ez egy komplett rendszer \u2013 alapvet\u0151 vizu\u00e1lis \u00e9s verb\u00e1lis elemek egy\u00fcttese, ami meghat\u00e1rozza a m\u00e1rk\u00e1d \u00e9rt\u00e9k\u00e9t a v\u00e1s\u00e1rl\u00f3k fej\u00e9ben.<\/span><\/em><\/p>\n<p><em><span style=\"font-weight: 400;\">Na de mire figyelj, hogy hitelesnek \u00e9s profinak t\u0171nj, ne pedig \u00f6sszecsapottnak vagy amat\u0151rnek? Olvass tov\u00e1bb, \u00e9s n\u00e9zd meg, te is elk\u00f6vetted-e m\u00e1r ezeket a hib\u00e1kat!<\/span><\/em>[\/vc_column_text][vc_column_text css=&#8221;&#8221;]<\/p>\n<h2><b>Ez egy befektet\u00e9s, ami id\u0151vel t\u00e9r\u00fcl meg<\/b><\/h2>\n<p><span style=\"font-weight: 400;\">M\u00e1rk\u00e1t \u00e9p\u00edteni nem sprint, hanem maraton. A c\u00e9l, hogy olyan arculatod legyen, amit nem lehet \u00f6sszet\u00e9veszteni m\u00e1ssal \u2013 hiteles, er\u0151s \u00e9s megb\u00edzhat\u00f3. Egy j\u00f3l megalkotott vizu\u00e1lis identit\u00e1s elmes\u00e9li, mit k\u00e9pvisel a m\u00e1rk\u00e1d: \u00e9rt\u00e9keket, \u00e9rz\u00e9seket, hangulatokat.<\/span><\/p>\n<p><b>Ami egy stabil m\u00e1rkaarculathoz kell:<\/b><\/p>\n<ul>\n<li style=\"font-weight: 400;\" aria-level=\"1\"><b>Vizu\u00e1lis elemek:<\/b><span style=\"font-weight: 400;\"> log\u00f3, sz\u00ednpaletta, tipogr\u00e1fia, grafikai elemek, csomagol\u00e1s, webdesign, arculati k\u00e9zik\u00f6nyv<\/span><\/li>\n<li style=\"font-weight: 400;\" aria-level=\"1\"><b>\u00c9rzelmi oldal:<\/b><span style=\"font-weight: 400;\"> k\u00fcldet\u00e9s, v\u00edzi\u00f3, \u00e9rt\u00e9kek, m\u00e1rkaszem\u00e9lyis\u00e9g, hangnem, \u00fcgyf\u00e9l\u00e9lm\u00e9ny<\/span><\/li>\n<\/ul>\n<p><span style=\"font-weight: 400;\">Sokan azt hiszik, hogy el\u00e9g csak tolni a hirdet\u00e9st, \u00e9s j\u00f6nni fog az eredm\u00e9ny. De ha a piac nem ismeri a m\u00e1rk\u00e1dat, akkor a legjobb rekl\u00e1m sem hoz elad\u00e1st \u2013 m\u00e9g ha \u00f6nt\u00f6d is bele a p\u00e9nzt. Amit viszont hossz\u00fa t\u00e1von <\/span><i><span style=\"font-weight: 400;\">biztosan<\/span><\/i><span style=\"font-weight: 400;\"> m\u0171k\u00f6dik: egy j\u00f3l fel\u00e9p\u00edtett strat\u00e9gia, vil\u00e1gosan meghat\u00e1rozott arculat \u00e9s c\u00e9lcsoport, \u00e9s egy letisztult vizu\u00e1lis ir\u00e1nyvonal.<\/span><\/p>\n<p><span style=\"font-weight: 400;\">A m\u00e1rka\u00e9p\u00edt\u00e9s nehezen m\u00e9rhet\u0151, de id\u0151vel \u00faj piacokat, \u00faj vev\u0151ket \u00e9s nagyobb elismerts\u00e9get hoz \u2013 \u00e9s ezzel egy\u00fctt n\u00f6veli a szakmais\u00e1god, hiteless\u00e9ged, s\u0151t, tekint\u00e9lyed is.<\/span>[\/vc_column_text][vc_column_text css=&#8221;&#8221;]A leggyakoribb hib\u00e1k arculat\u00e9p\u00edt\u00e9s k\u00f6zben<\/p>\n<h2><b>1. Nincs vil\u00e1gos m\u00e1rkaidentit\u00e1s vagy strat\u00e9gia<\/b><\/h2>\n<p><span style=\"font-weight: 400;\">Gondolj a m\u00e1rk\u00e1dra \u00fagy, mint egy emberre. Milyen lenne? Szimpatikus lenne? Megmaradna benned? Ha a v\u00e1lasz <\/span><i><span style=\"font-weight: 400;\">nem<\/span><\/i><span style=\"font-weight: 400;\">, akkor ideje \u00e1tgondolni, mit szeretn\u00e9l k\u00f6zvet\u00edteni. Fogalmazd meg a k\u00fcldet\u00e9sed, c\u00e9ljaid, \u00e9rt\u00e9keid, \u00e9s azt az \u00e9rz\u00e9st, amit az embereknek \u00e9reznie kell, amikor tal\u00e1lkoznak a m\u00e1rk\u00e1ddal.<\/span>[\/vc_column_text]\r\n\t\t\t<div class=\"rt-gallery clearfix  grid-gallery fixed_heights\"  >\r\n\t\t\t\t\t<div class=\"col col-sm-12 col-xs-12\">\r\n\t\t\t\t\t\t<div class=\"gallery-item-holder\">\r\n\t\t\t\t\t\t\t<a id=\"lightbox-764770\" class=\"imgeffect zoom rt_lightbox\" data-gal-id=\"\" data-rel=\"rt_lightbox\" title=\"Enlarge Image\" data-sub-html=\"nejasna-identita-znacky-bez-strategie\" data-src=\"\" data-width=\"\" data-height=\"\" data-poster=\"\" data-autoplay=\"\" data-audiotitle=\"\" data-download-url=\"false\" href=\"https:\/\/webandgo.sk\/wp-content\/uploads\/2025\/08\/nejasna-identita-znacky-bez-strategie.jpg\"><div class=\"image-thumbnail\"><img decoding=\"async\" src=\"https:\/\/webandgo.sk\/wp-content\/uploads\/2025\/08\/nejasna-identita-znacky-bez-strategie.jpg\" alt=\"\" srcset=\"https:\/\/webandgo.sk\/wp-content\/uploads\/2025\/08\/nejasna-identita-znacky-bez-strategie.jpg 1920w, https:\/\/webandgo.sk\/wp-content\/uploads\/2025\/08\/nejasna-identita-znacky-bez-strategie-300x222.jpg 300w, https:\/\/webandgo.sk\/wp-content\/uploads\/2025\/08\/nejasna-identita-znacky-bez-strategie-1024x757.jpg 1024w, https:\/\/webandgo.sk\/wp-content\/uploads\/2025\/08\/nejasna-identita-znacky-bez-strategie-768x568.jpg 768w, https:\/\/webandgo.sk\/wp-content\/uploads\/2025\/08\/nejasna-identita-znacky-bez-strategie-1536x1135.jpg 1536w, https:\/\/webandgo.sk\/wp-content\/uploads\/2025\/08\/nejasna-identita-znacky-bez-strategie-960x709.jpg 960w, https:\/\/webandgo.sk\/wp-content\/uploads\/2025\/08\/nejasna-identita-znacky-bez-strategie-487x360.jpg 487w\" sizes=\"https:\/\/webandgo.sk\/wp-content\/uploads\/2025\/08\/nejasna-identita-znacky-bez-strategie.jpg 1920w, https:\/\/webandgo.sk\/wp-content\/uploads\/2025\/08\/nejasna-identita-znacky-bez-strategie-300x222.jpg 300w, https:\/\/webandgo.sk\/wp-content\/uploads\/2025\/08\/nejasna-identita-znacky-bez-strategie-1024x757.jpg 1024w, https:\/\/webandgo.sk\/wp-content\/uploads\/2025\/08\/nejasna-identita-znacky-bez-strategie-768x568.jpg 768w, https:\/\/webandgo.sk\/wp-content\/uploads\/2025\/08\/nejasna-identita-znacky-bez-strategie-1536x1135.jpg 1536w, https:\/\/webandgo.sk\/wp-content\/uploads\/2025\/08\/nejasna-identita-znacky-bez-strategie-960x709.jpg 960w, https:\/\/webandgo.sk\/wp-content\/uploads\/2025\/08\/nejasna-identita-znacky-bez-strategie-487x360.jpg 487w\" width=\"1920\" height=\"1419\"><\/div><\/a>\r\n\t\t\t\t\t\t<\/div>\r\n\t\t\t\t\t<\/div><\/div> \r\n\t\t[vc_column_text css=&#8221;&#8221;]<\/p>\n<h2><b>2. Zavaros, k\u00f6vetkezetlen kommunik\u00e1ci\u00f3<\/b><\/h2>\n<p><span style=\"font-weight: 400;\">A j\u00f3 kommunik\u00e1ci\u00f3 nemcsak arr\u00f3l sz\u00f3l, hogy <\/span><i><span style=\"font-weight: 400;\">besz\u00e9lsz<\/span><\/i><span style=\"font-weight: 400;\">, hanem hogy <\/span><i><span style=\"font-weight: 400;\">hogyan<\/span><\/i><span style=\"font-weight: 400;\"> besz\u00e9lsz. Fontos, hogy minden csatorn\u00e1n egys\u00e9gesen jelenj meg \u2013 ehhez profik kellenek, akik tudj\u00e1k, melyik platformra mi val\u00f3. Ha nem passzol a tartalom a form\u00e1tumhoz, akkor id\u0151t \u00e9s p\u00e9nzt vesz\u00edtesz.<\/span>[\/vc_column_text][vc_column_text css=&#8221;&#8221;]<\/p>\n<h2><b>3. Al\u00e1becs\u00fclt mikrodiz\u00e1jn<\/b><\/h2>\n<p><span style=\"font-weight: 400;\">A r\u00e9szletek sz\u00e1m\u00edtanak \u2013 nagyon is! Egy rosszul elhelyezett CTA gomb, apr\u00f3, olvashatatlan bet\u0171, vagy kaotikus oldalelrendez\u00e9s sim\u00e1n elriasztja a l\u00e1togat\u00f3t. N\u00e9zd meg a saj\u00e1t webshopodat vev\u0151i szemmel \u2013 minden kis bosszant\u00f3 apr\u00f3s\u00e1g sz\u00e1m\u00edt.<\/span>[\/vc_column_text]\r\n\t\t\t<div class=\"rt-gallery clearfix  grid-gallery fixed_heights\"  >\r\n\t\t\t\t\t<div class=\"col col-sm-12 col-xs-12\">\r\n\t\t\t\t\t\t<div class=\"gallery-item-holder\">\r\n\t\t\t\t\t\t\t<a id=\"lightbox-676573\" class=\"imgeffect zoom rt_lightbox\" data-gal-id=\"\" data-rel=\"rt_lightbox\" title=\"Enlarge Image\" data-sub-html=\"podcenenie-mikrodizajnu\" data-src=\"\" data-width=\"\" data-height=\"\" data-poster=\"\" data-autoplay=\"\" data-audiotitle=\"\" data-download-url=\"false\" href=\"https:\/\/webandgo.sk\/wp-content\/uploads\/2025\/08\/podcenenie-mikrodizajnu.jpg\"><div class=\"image-thumbnail\"><img decoding=\"async\" src=\"https:\/\/webandgo.sk\/wp-content\/uploads\/2025\/08\/podcenenie-mikrodizajnu.jpg\" alt=\"\" srcset=\"https:\/\/webandgo.sk\/wp-content\/uploads\/2025\/08\/podcenenie-mikrodizajnu.jpg 1920w, https:\/\/webandgo.sk\/wp-content\/uploads\/2025\/08\/podcenenie-mikrodizajnu-300x200.jpg 300w, https:\/\/webandgo.sk\/wp-content\/uploads\/2025\/08\/podcenenie-mikrodizajnu-1024x683.jpg 1024w, https:\/\/webandgo.sk\/wp-content\/uploads\/2025\/08\/podcenenie-mikrodizajnu-768x512.jpg 768w, https:\/\/webandgo.sk\/wp-content\/uploads\/2025\/08\/podcenenie-mikrodizajnu-1536x1025.jpg 1536w, https:\/\/webandgo.sk\/wp-content\/uploads\/2025\/08\/podcenenie-mikrodizajnu-960x640.jpg 960w, https:\/\/webandgo.sk\/wp-content\/uploads\/2025\/08\/podcenenie-mikrodizajnu-540x360.jpg 540w\" sizes=\"https:\/\/webandgo.sk\/wp-content\/uploads\/2025\/08\/podcenenie-mikrodizajnu.jpg 1920w, https:\/\/webandgo.sk\/wp-content\/uploads\/2025\/08\/podcenenie-mikrodizajnu-300x200.jpg 300w, https:\/\/webandgo.sk\/wp-content\/uploads\/2025\/08\/podcenenie-mikrodizajnu-1024x683.jpg 1024w, https:\/\/webandgo.sk\/wp-content\/uploads\/2025\/08\/podcenenie-mikrodizajnu-768x512.jpg 768w, https:\/\/webandgo.sk\/wp-content\/uploads\/2025\/08\/podcenenie-mikrodizajnu-1536x1025.jpg 1536w, https:\/\/webandgo.sk\/wp-content\/uploads\/2025\/08\/podcenenie-mikrodizajnu-960x640.jpg 960w, https:\/\/webandgo.sk\/wp-content\/uploads\/2025\/08\/podcenenie-mikrodizajnu-540x360.jpg 540w\" width=\"1920\" height=\"1281\"><\/div><\/a>\r\n\t\t\t\t\t\t<\/div>\r\n\t\t\t\t\t<\/div><\/div> \r\n\t\t[vc_column_text css=&#8221;&#8221;]<\/p>\n<h2><b>4. Elhanyagolt c\u00e9lcsoport<\/b><\/h2>\n<p><span style=\"font-weight: 400;\">\u201eMindenkinek sz\u00f3l a term\u00e9k\u00fcnk!\u201d \u2013 H\u00e1t, nem. Ha nem vagy Amazon vagy Alza, akkor van egy sz\u0171kebb, j\u00f3l meghat\u00e1rozhat\u00f3 c\u00e9lcsoportod. Min\u00e9l pontosabban ismered \u0151ket, ann\u00e1l jobban tudsz nekik kommunik\u00e1lni. K\u00e9sz\u00edts buyer person\u00e1kat, v\u00e9gezz piackutat\u00e1st \u2013 ez a siker alapja.<\/span>[\/vc_column_text][vc_column_text css=&#8221;&#8221;]<\/p>\n<h2><b>5. Ker\u00fclik a kreat\u00edv koncepci\u00f3kat<\/b><\/h2>\n<p><span style=\"font-weight: 400;\">A legt\u00f6bb c\u00e9g <\/span><i><span style=\"font-weight: 400;\">retteg a kreativit\u00e1st\u00f3l<\/span><\/i><span style=\"font-weight: 400;\">. Pedig pont az emel ki a t\u00f6megb\u0151l. J\u00e1t\u00e9kos vizu\u00e1lok, vicces sz\u00f6vegek, mer\u00e9sz kamp\u00e1ny\u00f6tletek \u2013 ezek azok, amik v\u00edrusk\u00e9nt terjednek \u00e9s ismerts\u00e9get hoznak. A kreativit\u00e1s nem luxus, hanem versenyel\u0151ny!<\/span>[\/vc_column_text][vc_column_text css=&#8221;&#8221;]<\/p>\n<h2><b>6. M\u00e1sol\u00e1s m\u00e1sokt\u00f3l, saj\u00e1t \u00f6tletek n\u00e9lk\u00fcl<\/b><\/h2>\n<p><span style=\"font-weight: 400;\">\u201eN\u00e1luk m\u0171k\u00f6d\u00f6tt, n\u00e1lunk is fog.\u201d H\u00e1t, nem biztos. A m\u00e1sol\u00e1s mindig kil\u00f3g. A vev\u0151k \u00e9rzik, ha valami nem \u0151szinte. Ink\u00e1bb fektess energi\u00e1t abba, hogy megismerd a konkurenci\u00e1t, \u00e9s kialak\u00edts egy saj\u00e1t, r\u00e1d szabott strat\u00e9gi\u00e1t. Az eredetis\u00e9g a leger\u0151sebb \u00fct\u0151k\u00e1rty\u00e1d.<\/span>[\/vc_column_text][vc_column_text css=&#8221;&#8221;]<\/p>\n<h2><b>7. Leragadtak a m\u00faltban, nincsenek a trendekkel k\u00e9pben<\/b><\/h2>\n<p><span style=\"font-weight: 400;\">N\u00e9h\u00e1ny m\u00e1rka diz\u00e1jnja m\u00e9g mindig a &#8217;90-es \u00e9vekben ragadt. Ha nem reag\u00e1lsz a v\u00e1ltoz\u00e1sokra, id\u0151vel irrelev\u00e1nss\u00e1 v\u00e1lsz. N\u00e9ha el\u00e9g egy kis friss\u00edt\u00e9s: \u00faj vizu\u00e1l, m\u00e1s hangv\u00e9tel, \u00faj csatorn\u00e1k \u2013 p\u00e9ld\u00e1ul k\u00f6z\u00f6ss\u00e9gi m\u00e9dia, online platformok. Nem kell minden trendet k\u00f6vetni, de figyelni r\u00e1juk k\u00f6telez\u0151.<\/span>[\/vc_column_text]\r\n\t\t\t<div class=\"rt-gallery clearfix  grid-gallery fixed_heights\"  >\r\n\t\t\t\t\t<div class=\"col col-sm-12 col-xs-12\">\r\n\t\t\t\t\t\t<div class=\"gallery-item-holder\">\r\n\t\t\t\t\t\t\t<a id=\"lightbox-279372\" class=\"imgeffect zoom rt_lightbox\" data-gal-id=\"\" data-rel=\"rt_lightbox\" title=\"Enlarge Image\" data-sub-html=\"nekracaju-s-trendmi-neinovuju-nedostatocna-flexibilita\" data-src=\"\" data-width=\"\" data-height=\"\" data-poster=\"\" data-autoplay=\"\" data-audiotitle=\"\" data-download-url=\"false\" href=\"https:\/\/webandgo.sk\/wp-content\/uploads\/2025\/08\/nekracaju-s-trendmi-neinovuju-nedostatocna-flexibilita.jpg\"><div class=\"image-thumbnail\"><img decoding=\"async\" src=\"https:\/\/webandgo.sk\/wp-content\/uploads\/2025\/08\/nekracaju-s-trendmi-neinovuju-nedostatocna-flexibilita.jpg\" alt=\"\" srcset=\"https:\/\/webandgo.sk\/wp-content\/uploads\/2025\/08\/nekracaju-s-trendmi-neinovuju-nedostatocna-flexibilita.jpg 1920w, https:\/\/webandgo.sk\/wp-content\/uploads\/2025\/08\/nekracaju-s-trendmi-neinovuju-nedostatocna-flexibilita-300x169.jpg 300w, https:\/\/webandgo.sk\/wp-content\/uploads\/2025\/08\/nekracaju-s-trendmi-neinovuju-nedostatocna-flexibilita-1024x576.jpg 1024w, https:\/\/webandgo.sk\/wp-content\/uploads\/2025\/08\/nekracaju-s-trendmi-neinovuju-nedostatocna-flexibilita-768x432.jpg 768w, https:\/\/webandgo.sk\/wp-content\/uploads\/2025\/08\/nekracaju-s-trendmi-neinovuju-nedostatocna-flexibilita-1536x864.jpg 1536w, https:\/\/webandgo.sk\/wp-content\/uploads\/2025\/08\/nekracaju-s-trendmi-neinovuju-nedostatocna-flexibilita-960x540.jpg 960w, https:\/\/webandgo.sk\/wp-content\/uploads\/2025\/08\/nekracaju-s-trendmi-neinovuju-nedostatocna-flexibilita-550x309.jpg 550w\" sizes=\"https:\/\/webandgo.sk\/wp-content\/uploads\/2025\/08\/nekracaju-s-trendmi-neinovuju-nedostatocna-flexibilita.jpg 1920w, https:\/\/webandgo.sk\/wp-content\/uploads\/2025\/08\/nekracaju-s-trendmi-neinovuju-nedostatocna-flexibilita-300x169.jpg 300w, https:\/\/webandgo.sk\/wp-content\/uploads\/2025\/08\/nekracaju-s-trendmi-neinovuju-nedostatocna-flexibilita-1024x576.jpg 1024w, https:\/\/webandgo.sk\/wp-content\/uploads\/2025\/08\/nekracaju-s-trendmi-neinovuju-nedostatocna-flexibilita-768x432.jpg 768w, https:\/\/webandgo.sk\/wp-content\/uploads\/2025\/08\/nekracaju-s-trendmi-neinovuju-nedostatocna-flexibilita-1536x864.jpg 1536w, https:\/\/webandgo.sk\/wp-content\/uploads\/2025\/08\/nekracaju-s-trendmi-neinovuju-nedostatocna-flexibilita-960x540.jpg 960w, https:\/\/webandgo.sk\/wp-content\/uploads\/2025\/08\/nekracaju-s-trendmi-neinovuju-nedostatocna-flexibilita-550x309.jpg 550w\" width=\"1920\" height=\"1080\"><\/div><\/a>\r\n\t\t\t\t\t\t<\/div>\r\n\t\t\t\t\t<\/div><\/div> \r\n\t\t[vc_column_text css=&#8221;&#8221;]<\/p>\n<h2><b>8. Azt hiszik, mindent egyed\u00fcl kell megcsin\u00e1lni<\/b><\/h2>\n<p><span style=\"font-weight: 400;\">Sokan \u00fagy gondolj\u00e1k: \u201eMajd \u00e9n megcsin\u00e1lom!\u201d \u2013 \u00e9s belev\u00e1gnak egyed\u00fcl a teljes brandingbe. A v\u00e9ge gyakran: zavaros arculat, amat\u0151r diz\u00e1jn \u00e9s ki\u00e9g\u00e9s. A mai p\u00f6rg\u0151s vil\u00e1gban fontos felismerni, hogy szak\u00e9rt\u0151kkel dolgozni nem gyenges\u00e9g \u2013 hanem befektet\u00e9s. Dolgozz profi diz\u00e1jnerekkel, sz\u00f6veg\u00edr\u00f3kkal, strat\u00e9gi\u00e1kkal, \u00e9s te csak azzal foglalkozz, amihez a legjobban \u00e9rtesz.<\/span>[\/vc_column_text][vc_column_text css=&#8221;&#8221;]<\/p>\n<h2><b>9. Nincs hiteles t\u00f6rt\u00e9net<\/b><\/h2>\n<p><span style=\"font-weight: 400;\">Egy m\u00e1rka t\u00f6rt\u00e9net n\u00e9lk\u00fcl \u00fcres. Nem kapcsol\u00f3dik senki hozz\u00e1. A j\u00f3 sztori viszont h\u00edd k\u00f6zted \u00e9s a vev\u0151id k\u00f6z\u00f6tt. Mi\u00e9rt j\u00f6tt l\u00e9tre a c\u00e9ged? Mi hajt? Miben hiszel? Ezeket kell elmondanod, <\/span><i><span style=\"font-weight: 400;\">\u0151szint\u00e9n<\/span><\/i><span style=\"font-weight: 400;\">. Nem marketingduma kell, hanem val\u00f3di t\u00f6rt\u00e9net. Ebb\u0151l lesz az arculat lelke.<\/span>[\/vc_column_text][vc_column_text css=&#8221;&#8221;]<\/p>\n<h2><b>10. Nem m\u00e9rik az eredm\u00e9nyeket, nem haszn\u00e1lnak adatokat<\/b><\/h2>\n<p><span style=\"font-weight: 400;\">\u201eMi m\u0171k\u00f6dik, \u00e9s mi nem?\u201d \u2013 ha erre nem tudsz v\u00e1laszolni, akkor baj van. A legt\u00f6bb c\u00e9g vagy nem n\u00e9z semmilyen adatot, vagy a rosszakat. Pedig csak \u00edgy tudsz fejl\u0151dni. Tudd, melyik csatorna hoz vev\u0151ket, mi \u00e9rdekli az embereket, hol lyukas a strat\u00e9gi\u00e1d. M\u00e9rj, \u00e9rt\u00e9kelj, jav\u00edts \u2013 folyamatosan!<\/span>[\/vc_column_text][vc_column_text css=&#8221;&#8221;]<\/p>\n<h2><b>Sz\u00fcks\u00e9ged van m\u0171k\u00f6d\u0151 c\u00e9ges arculatra?<\/b><\/h2>\n<p><span style=\"font-weight: 400;\">Ak\u00e1r most indulsz, ak\u00e1r m\u00e1r van valamid, amit friss\u00edten\u00e9l \u2013 mi itt vagyunk neked.<\/span><\/p>\n<p><span style=\"font-weight: 400;\">A <\/span><b>Web &amp; Go Design<\/b><span style=\"font-weight: 400;\"> csapata seg\u00edt neked teljes vizu\u00e1lis \u00e9s marketinges megjelen\u00e9s kialak\u00edt\u00e1s\u00e1ban:<\/span><span style=\"font-weight: 400;\"><br \/>\n<\/span><span style=\"font-weight: 400;\"> \u2022 c\u00e9ges arculattervez\u00e9s az alapokt\u00f3l,<\/span><span style=\"font-weight: 400;\"><br \/>\n<\/span><span style=\"font-weight: 400;\"> \u2022 egyedi grafikai szolg\u00e1ltat\u00e1sok,<\/span><span style=\"font-weight: 400;\"><br \/>\n<\/span><span style=\"font-weight: 400;\"> \u2022 modern, reszponz\u00edv weboldalak,<\/span><span style=\"font-weight: 400;\"><br \/>\n<\/span><span style=\"font-weight: 400;\"> \u2022 online \u00e9s offline rekl\u00e1mkamp\u00e1nyok.<\/span>[\/vc_column_text][\/vc_column][\/vc_row][vc_row rt_row_background_width=&#8221;fullwidth&#8221; rt_row_content_width=&#8221;default&#8221; rt_row_style=&#8221;default-style&#8221; rt_row_height=&#8221;&#8221; rt_column_gaps=&#8221;&#8221; rt_row_shadows=&#8221;&#8221; rt_row_borders=&#8221;&#8221; rt_bg_effect=&#8221;classic&#8221; rt_bg_image_repeat=&#8221;repeat&#8221; rt_bg_size=&#8221;cover&#8221; rt_bg_position=&#8221;right top&#8221; rt_bg_attachment=&#8221;scroll&#8221; rt_bg_layer=&#8221;&#8221; rt_bg_video_format=&#8221;self-hosted&#8221; rt_class=&#8221;rt-4089081&#8243; rt_paddings=&#8221;,,,&#8221; rt_margins=&#8221;,,,&#8221; rt_content_margins=&#8221;,,,&#8221; rt_tablet_paddings=&#8221;,,,&#8221; rt_tablet_margins=&#8221;,,,&#8221; rt_tablet_content_margins=&#8221;,,,&#8221; rt_sp_paddings=&#8221;,,,&#8221; rt_sp_margins=&#8221;,,,&#8221; rt_sp_content_margins=&#8221;,,,&#8221; rt_bg_color=&#8221;#282828&#8243;][vc_column rt_bg_effect=&#8221;classic&#8221; rt_bg_image_repeat=&#8221;repeat&#8221; rt_bg_size=&#8221;auto auto&#8221; rt_bg_position=&#8221;right top&#8221; rt_bg_attachment=&#8221;scroll&#8221;]<div class=\"rt-heading-wrapper style-5 rt-9389880\">\n\t\t\t\t\t\t<h3 class=\"rt-heading style-5\" >\u00cdrj nek\u00fcnk m\u00e9g ma, \u00e9s emeld \u00faj szintre a m\u00e1rk\u00e1dat!<\/h3>\n\t\t\t\t\t<\/div><div class=\"button_wrapper  rounded\"><a href=\"https:\/\/webandgo.sk\/hu\/kapcsolat\/\" target=\"_self\" title=\"L\u00e9pj vel\u00fcnk kapcsolatba!\" class=\"button_  heading-font style-1 big rt-7204584\"><span><span>L\u00e9pj vel\u00fcnk kapcsolatba!<\/span><\/span><\/a><\/div>[\/vc_column][\/vc_row]<\/p>\n","protected":false},"excerpt":{"rendered":"<p>Az er\u0151s vizu\u00e1lis arculat nemcsak egy log\u00f3b\u00f3l \u00e1ll. Ez egy komplett rendszer \u2013 alapvet\u0151 vizu\u00e1lis \u00e9s verb\u00e1lis elemek egy\u00fcttese, ami meghat\u00e1rozza a m\u00e1rk\u00e1d \u00e9rt\u00e9k\u00e9t a v\u00e1s\u00e1rl\u00f3k fej\u00e9ben.<\/p>\n","protected":false},"author":160,"featured_media":22859,"comment_status":"closed","ping_status":"closed","sticky":false,"template":"","format":"standard","meta":{"_stopmodifiedupdate":false,"_modified_date":"","_seopress_robots_primary_cat":"none","_seopress_titles_title":"Hib\u00e1k, amiket jobb, ha elker\u00fclsz, amikor c\u00e9ges arculatot \u00e9p\u00edtesz","_seopress_titles_desc":"Az er\u0151s vizu\u00e1lis arculat nemcsak egy log\u00f3b\u00f3l \u00e1ll. Ez egy komplett rendszer \u2013 alapvet\u0151 vizu\u00e1lis \u00e9s verb\u00e1lis elemek egy\u00fcttese, ami meghat\u00e1rozza a m\u00e1rk\u00e1d \u00e9rt\u00e9k\u00e9t a v\u00e1s\u00e1rl\u00f3k fej\u00e9ben.","_seopress_robots_index":"","_lmt_disableupdate":"yes","_lmt_disable":"","footnotes":""},"categories":[896],"tags":[982,983,994,1121],"class_list":["post-22828","post","type-post","status-publish","format-standard","has-post-thumbnail","hentry","category-grafikai-tervezes","tag-graficke-navrhy-hu","tag-grafik-hu","tag-graficky-navrh-hu","tag-arculat"],"modified_by":"Tibcsi","_links":{"self":[{"href":"https:\/\/webandgo.sk\/hu\/wp-json\/wp\/v2\/posts\/22828","targetHints":{"allow":["GET"]}}],"collection":[{"href":"https:\/\/webandgo.sk\/hu\/wp-json\/wp\/v2\/posts"}],"about":[{"href":"https:\/\/webandgo.sk\/hu\/wp-json\/wp\/v2\/types\/post"}],"author":[{"embeddable":true,"href":"https:\/\/webandgo.sk\/hu\/wp-json\/wp\/v2\/users\/160"}],"replies":[{"embeddable":true,"href":"https:\/\/webandgo.sk\/hu\/wp-json\/wp\/v2\/comments?post=22828"}],"version-history":[{"count":6,"href":"https:\/\/webandgo.sk\/hu\/wp-json\/wp\/v2\/posts\/22828\/revisions"}],"predecessor-version":[{"id":22861,"href":"https:\/\/webandgo.sk\/hu\/wp-json\/wp\/v2\/posts\/22828\/revisions\/22861"}],"wp:featuredmedia":[{"embeddable":true,"href":"https:\/\/webandgo.sk\/hu\/wp-json\/wp\/v2\/media\/22859"}],"wp:attachment":[{"href":"https:\/\/webandgo.sk\/hu\/wp-json\/wp\/v2\/media?parent=22828"}],"wp:term":[{"taxonomy":"category","embeddable":true,"href":"https:\/\/webandgo.sk\/hu\/wp-json\/wp\/v2\/categories?post=22828"},{"taxonomy":"post_tag","embeddable":true,"href":"https:\/\/webandgo.sk\/hu\/wp-json\/wp\/v2\/tags?post=22828"}],"curies":[{"name":"wp","href":"https:\/\/api.w.org\/{rel}","templated":true}]}}